{"id":13896,"date":"2026-03-05T08:09:55","date_gmt":"2026-03-05T07:09:55","guid":{"rendered":"https:\/\/www.med.unipi.it\/?p=13896"},"modified":"2026-03-05T11:05:06","modified_gmt":"2026-03-05T10:05:06","slug":"sospensione-delle-attivita-didattiche-23-marzo-2026","status":"publish","type":"post","link":"https:\/\/www.med.unipi.it\/index.php\/2026\/03\/05\/sospensione-delle-attivita-didattiche-23-marzo-2026\/","title":{"rendered":"Sospensione delle attivit\u00e0 didattiche &#8211; 23 marzo 2026"},"content":{"rendered":"<p class=\"x_MsoNormal\" data-olk-copy-source=\"MessageBody\">Ai direttori di dipartimento,<\/p>\n<p class=\"x_MsoNormal\">ai presidenti delle scuole interdipartimentali,<\/p>\n<p class=\"x_MsoNormal\">ai responsabili amministrativi dei dipartimenti,<\/p>\n<p class=\"x_MsoNormal\">ai responsabili delle unit\u00e0 didattiche di dipartimento<\/p>\n<p class=\"x_MsoNormal\">Vi segnaliamo che con decreto rettorale n. 285\/2026 del 4 marzo 2026 \u00e8 stata disposta per luned\u00ec 23 marzo 2026 la sospensione della didattica al fine di agevolare la partecipazione della comunit\u00e0 accademica al voto per il referendum costituzionale che si svolger\u00e0 nei giorni 22 e 23 marzo 2026.<\/p>\n<p class=\"x_MsoNormal\">Cordiali saluti<\/p>\n<p class=\"x_MsoNormal\">Direzione Didattica, studenti e internazionalizzazione<\/p>\n<p><a href=\"https:\/\/www.med.unipi.it\/wp-content\/uploads\/2026\/03\/dr_sospensione_didattica_referendum_23_marzo_2026.pdf\">dr_sospensione_didattica_referendum_23_marzo_2026<\/a><\/p>\n","protected":false},"excerpt":{"rendered":"<p>Ai direttori di dipartimento, ai presidenti delle scuole interdipartimentali, ai responsabili amministrativi dei dipartimenti, ai responsabili delle unit\u00e0 didattiche di&hellip;<\/p>\n<p><a class=\"btn btn-dark btn-sm unipi-read-more-link\" href=\"https:\/\/www.med.unipi.it\/index.php\/2026\/03\/05\/sospensione-delle-attivita-didattiche-23-marzo-2026\/\">Leggi tutto&#8230;<\/a><\/p>\n","protected":false},"author":2,"featured_media":0,"comment_status":"closed","ping_status":"closed","sticky":false,"template":"","format":"standard","meta":{"footnotes":""},"categories":[89],"tags":[],"class_list":["post-13896","post","type-post","status-publish","format-standard","hentry","category-avvisi"],"yoast_head":"<!-- This site is optimized with the Yoast SEO plugin v27.0 - https:\/\/yoast.com\/product\/yoast-seo-wordpress\/ -->\n<title>Sospensione delle attivit\u00e0 didattiche - 23 marzo 2026 - Scuola di Medicina<\/title>\n<meta name=\"robots\" content=\"index, follow, max-snippet:-1, max-image-preview:large, max-video-preview:-1\" \/>\n<link rel=\"canonical\" href=\"https:\/\/www.med.unipi.it\/index.php\/2026\/03\/05\/sospensione-delle-attivita-didattiche-23-marzo-2026\/\" \/>\n<meta property=\"og:locale\" content=\"it_IT\" \/>\n<meta property=\"og:type\" content=\"article\" \/>\n<meta property=\"og:title\" content=\"Sospensione delle attivit\u00e0 didattiche - 23 marzo 2026 - Scuola di Medicina\" \/>\n<meta property=\"og:description\" content=\"Ai direttori di dipartimento, ai presidenti delle scuole interdipartimentali, ai responsabili amministrativi dei dipartimenti, ai responsabili delle unit\u00e0 didattiche di&hellip;Leggi tutto...\" \/>\n<meta property=\"og:url\" content=\"https:\/\/www.med.unipi.it\/index.php\/2026\/03\/05\/sospensione-delle-attivita-didattiche-23-marzo-2026\/\" \/>\n<meta property=\"og:site_name\" content=\"Scuola di Medicina\" \/>\n<meta property=\"article:published_time\" content=\"2026-03-05T07:09:55+00:00\" \/>\n<meta property=\"article:modified_time\" content=\"2026-03-05T10:05:06+00:00\" \/>\n<meta name=\"author\" content=\"Marco Mariani\" \/>\n<meta name=\"twitter:card\" content=\"summary_large_image\" \/>\n<meta name=\"twitter:label1\" content=\"Scritto da\" \/>\n\t<meta name=\"twitter:data1\" content=\"Marco Mariani\" \/>\n\t<meta name=\"twitter:label2\" content=\"Tempo di lettura stimato\" \/>\n\t<meta name=\"twitter:data2\" content=\"1 minuto\" \/>\n<script type=\"application\/ld+json\" class=\"yoast-schema-graph\">{\"@context\":\"https:\/\/schema.org\",\"@graph\":[{\"@type\":\"Article\",\"@id\":\"https:\/\/www.med.unipi.it\/index.php\/2026\/03\/05\/sospensione-delle-attivita-didattiche-23-marzo-2026\/#article\",\"isPartOf\":{\"@id\":\"https:\/\/www.med.unipi.it\/index.php\/2026\/03\/05\/sospensione-delle-attivita-didattiche-23-marzo-2026\/\"},\"author\":{\"name\":\"Marco Mariani\",\"@id\":\"https:\/\/www.med.unipi.it\/#\/schema\/person\/e3d2babab1795ba9b0a32a3abeb21a6a\"},\"headline\":\"Sospensione delle attivit\u00e0 didattiche &#8211; 23 marzo 2026\",\"datePublished\":\"2026-03-05T07:09:55+00:00\",\"dateModified\":\"2026-03-05T10:05:06+00:00\",\"mainEntityOfPage\":{\"@id\":\"https:\/\/www.med.unipi.it\/index.php\/2026\/03\/05\/sospensione-delle-attivita-didattiche-23-marzo-2026\/\"},\"wordCount\":79,\"articleSection\":[\"Avvisi\"],\"inLanguage\":\"it-IT\"},{\"@type\":\"WebPage\",\"@id\":\"https:\/\/www.med.unipi.it\/index.php\/2026\/03\/05\/sospensione-delle-attivita-didattiche-23-marzo-2026\/\",\"url\":\"https:\/\/www.med.unipi.it\/index.php\/2026\/03\/05\/sospensione-delle-attivita-didattiche-23-marzo-2026\/\",\"name\":\"Sospensione delle attivit\u00e0 didattiche - 23 marzo 2026 - Scuola di Medicina\",\"isPartOf\":{\"@id\":\"https:\/\/www.med.unipi.it\/#website\"},\"datePublished\":\"2026-03-05T07:09:55+00:00\",\"dateModified\":\"2026-03-05T10:05:06+00:00\",\"author\":{\"@id\":\"https:\/\/www.med.unipi.it\/#\/schema\/person\/e3d2babab1795ba9b0a32a3abeb21a6a\"},\"breadcrumb\":{\"@id\":\"https:\/\/www.med.unipi.it\/index.php\/2026\/03\/05\/sospensione-delle-attivita-didattiche-23-marzo-2026\/#breadcrumb\"},\"inLanguage\":\"it-IT\",\"potentialAction\":[{\"@type\":\"ReadAction\",\"target\":[\"https:\/\/www.med.unipi.it\/index.php\/2026\/03\/05\/sospensione-delle-attivita-didattiche-23-marzo-2026\/\"]}]},{\"@type\":\"BreadcrumbList\",\"@id\":\"https:\/\/www.med.unipi.it\/index.php\/2026\/03\/05\/sospensione-delle-attivita-didattiche-23-marzo-2026\/#breadcrumb\",\"itemListElement\":[{\"@type\":\"ListItem\",\"position\":1,\"name\":\"Home\",\"item\":\"https:\/\/www.med.unipi.it\/\"},{\"@type\":\"ListItem\",\"position\":2,\"name\":\"Sospensione delle attivit\u00e0 didattiche &#8211; 23 marzo 2026\"}]},{\"@type\":\"WebSite\",\"@id\":\"https:\/\/www.med.unipi.it\/#website\",\"url\":\"https:\/\/www.med.unipi.it\/\",\"name\":\"Scuola di Medicina\",\"description\":\"\",\"potentialAction\":[{\"@type\":\"SearchAction\",\"target\":{\"@type\":\"EntryPoint\",\"urlTemplate\":\"https:\/\/www.med.unipi.it\/?s={search_term_string}\"},\"query-input\":{\"@type\":\"PropertyValueSpecification\",\"valueRequired\":true,\"valueName\":\"search_term_string\"}}],\"inLanguage\":\"it-IT\"},{\"@type\":\"Person\",\"@id\":\"https:\/\/www.med.unipi.it\/#\/schema\/person\/e3d2babab1795ba9b0a32a3abeb21a6a\",\"name\":\"Marco Mariani\",\"image\":{\"@type\":\"ImageObject\",\"inLanguage\":\"it-IT\",\"@id\":\"https:\/\/www.med.unipi.it\/#\/schema\/person\/image\/\",\"url\":\"https:\/\/secure.gravatar.com\/avatar\/9ce5b3fe579dcb15352f10acb1ddb925dab38e0a02f02af3618e6f0210d4d87a?s=96&d=mm&r=g\",\"contentUrl\":\"https:\/\/secure.gravatar.com\/avatar\/9ce5b3fe579dcb15352f10acb1ddb925dab38e0a02f02af3618e6f0210d4d87a?s=96&d=mm&r=g\",\"caption\":\"Marco Mariani\"},\"url\":\"https:\/\/www.med.unipi.it\/index.php\/author\/mariani\/\"}]}<\/script>\n<!-- \/ Yoast SEO plugin. -->","yoast_head_json":{"title":"Sospensione delle attivit\u00e0 didattiche - 23 marzo 2026 - Scuola di Medicina","robots":{"index":"index","follow":"follow","max-snippet":"max-snippet:-1","max-image-preview":"max-image-preview:large","max-video-preview":"max-video-preview:-1"},"canonical":"https:\/\/www.med.unipi.it\/index.php\/2026\/03\/05\/sospensione-delle-attivita-didattiche-23-marzo-2026\/","og_locale":"it_IT","og_type":"article","og_title":"Sospensione delle attivit\u00e0 didattiche - 23 marzo 2026 - Scuola di Medicina","og_description":"Ai direttori di dipartimento, ai presidenti delle scuole interdipartimentali, ai responsabili amministrativi dei dipartimenti, ai responsabili delle unit\u00e0 didattiche di&hellip;Leggi tutto...","og_url":"https:\/\/www.med.unipi.it\/index.php\/2026\/03\/05\/sospensione-delle-attivita-didattiche-23-marzo-2026\/","og_site_name":"Scuola di Medicina","article_published_time":"2026-03-05T07:09:55+00:00","article_modified_time":"2026-03-05T10:05:06+00:00","author":"Marco Mariani","twitter_card":"summary_large_image","twitter_misc":{"Scritto da":"Marco Mariani","Tempo di lettura stimato":"1 minuto"},"schema":{"@context":"https:\/\/schema.org","@graph":[{"@type":"Article","@id":"https:\/\/www.med.unipi.it\/index.php\/2026\/03\/05\/sospensione-delle-attivita-didattiche-23-marzo-2026\/#article","isPartOf":{"@id":"https:\/\/www.med.unipi.it\/index.php\/2026\/03\/05\/sospensione-delle-attivita-didattiche-23-marzo-2026\/"},"author":{"name":"Marco Mariani","@id":"https:\/\/www.med.unipi.it\/#\/schema\/person\/e3d2babab1795ba9b0a32a3abeb21a6a"},"headline":"Sospensione delle attivit\u00e0 didattiche &#8211; 23 marzo 2026","datePublished":"2026-03-05T07:09:55+00:00","dateModified":"2026-03-05T10:05:06+00:00","mainEntityOfPage":{"@id":"https:\/\/www.med.unipi.it\/index.php\/2026\/03\/05\/sospensione-delle-attivita-didattiche-23-marzo-2026\/"},"wordCount":79,"articleSection":["Avvisi"],"inLanguage":"it-IT"},{"@type":"WebPage","@id":"https:\/\/www.med.unipi.it\/index.php\/2026\/03\/05\/sospensione-delle-attivita-didattiche-23-marzo-2026\/","url":"https:\/\/www.med.unipi.it\/index.php\/2026\/03\/05\/sospensione-delle-attivita-didattiche-23-marzo-2026\/","name":"Sospensione delle attivit\u00e0 didattiche - 23 marzo 2026 - Scuola di Medicina","isPartOf":{"@id":"https:\/\/www.med.unipi.it\/#website"},"datePublished":"2026-03-05T07:09:55+00:00","dateModified":"2026-03-05T10:05:06+00:00","author":{"@id":"https:\/\/www.med.unipi.it\/#\/schema\/person\/e3d2babab1795ba9b0a32a3abeb21a6a"},"breadcrumb":{"@id":"https:\/\/www.med.unipi.it\/index.php\/2026\/03\/05\/sospensione-delle-attivita-didattiche-23-marzo-2026\/#breadcrumb"},"inLanguage":"it-IT","potentialAction":[{"@type":"ReadAction","target":["https:\/\/www.med.unipi.it\/index.php\/2026\/03\/05\/sospensione-delle-attivita-didattiche-23-marzo-2026\/"]}]},{"@type":"BreadcrumbList","@id":"https:\/\/www.med.unipi.it\/index.php\/2026\/03\/05\/sospensione-delle-attivita-didattiche-23-marzo-2026\/#breadcrumb","itemListElement":[{"@type":"ListItem","position":1,"name":"Home","item":"https:\/\/www.med.unipi.it\/"},{"@type":"ListItem","position":2,"name":"Sospensione delle attivit\u00e0 didattiche &#8211; 23 marzo 2026"}]},{"@type":"WebSite","@id":"https:\/\/www.med.unipi.it\/#website","url":"https:\/\/www.med.unipi.it\/","name":"Scuola di Medicina","description":"","potentialAction":[{"@type":"SearchAction","target":{"@type":"EntryPoint","urlTemplate":"https:\/\/www.med.unipi.it\/?s={search_term_string}"},"query-input":{"@type":"PropertyValueSpecification","valueRequired":true,"valueName":"search_term_string"}}],"inLanguage":"it-IT"},{"@type":"Person","@id":"https:\/\/www.med.unipi.it\/#\/schema\/person\/e3d2babab1795ba9b0a32a3abeb21a6a","name":"Marco Mariani","image":{"@type":"ImageObject","inLanguage":"it-IT","@id":"https:\/\/www.med.unipi.it\/#\/schema\/person\/image\/","url":"https:\/\/secure.gravatar.com\/avatar\/9ce5b3fe579dcb15352f10acb1ddb925dab38e0a02f02af3618e6f0210d4d87a?s=96&d=mm&r=g","contentUrl":"https:\/\/secure.gravatar.com\/avatar\/9ce5b3fe579dcb15352f10acb1ddb925dab38e0a02f02af3618e6f0210d4d87a?s=96&d=mm&r=g","caption":"Marco Mariani"},"url":"https:\/\/www.med.unipi.it\/index.php\/author\/mariani\/"}]}},"_links":{"self":[{"href":"https:\/\/www.med.unipi.it\/index.php\/wp-json\/wp\/v2\/posts\/13896","targetHints":{"allow":["GET"]}}],"collection":[{"href":"https:\/\/www.med.unipi.it\/index.php\/wp-json\/wp\/v2\/posts"}],"about":[{"href":"https:\/\/www.med.unipi.it\/index.php\/wp-json\/wp\/v2\/types\/post"}],"author":[{"embeddable":true,"href":"https:\/\/www.med.unipi.it\/index.php\/wp-json\/wp\/v2\/users\/2"}],"replies":[{"embeddable":true,"href":"https:\/\/www.med.unipi.it\/index.php\/wp-json\/wp\/v2\/comments?post=13896"}],"version-history":[{"count":2,"href":"https:\/\/www.med.unipi.it\/index.php\/wp-json\/wp\/v2\/posts\/13896\/revisions"}],"predecessor-version":[{"id":13969,"href":"https:\/\/www.med.unipi.it\/index.php\/wp-json\/wp\/v2\/posts\/13896\/revisions\/13969"}],"wp:attachment":[{"href":"https:\/\/www.med.unipi.it\/index.php\/wp-json\/wp\/v2\/media?parent=13896"}],"wp:term":[{"taxonomy":"category","embeddable":true,"href":"https:\/\/www.med.unipi.it\/index.php\/wp-json\/wp\/v2\/categories?post=13896"},{"taxonomy":"post_tag","embeddable":true,"href":"https:\/\/www.med.unipi.it\/index.php\/wp-json\/wp\/v2\/tags?post=13896"}],"curies":[{"name":"wp","href":"https:\/\/api.w.org\/{rel}","templated":true}]}}