{"id":7151,"date":"2024-11-11T13:33:03","date_gmt":"2024-11-11T12:33:03","guid":{"rendered":"https:\/\/www.med.unipi.it\/?p=7151"},"modified":"2025-02-13T15:10:08","modified_gmt":"2025-02-13T14:10:08","slug":"il-professor-marco-falcone-eletto-nellexecutive-committee-dellisac","status":"publish","type":"post","link":"https:\/\/www.med.unipi.it\/index.php\/2024\/11\/11\/il-professor-marco-falcone-eletto-nellexecutive-committee-dellisac\/","title":{"rendered":"Il Professor Marco Falcone eletto nell&#8217;Executive Committee dell&#8217;ISAC"},"content":{"rendered":"<div>\n<p>Il Professor Marco Falcone \u00e8 stato eletto membro dell&#8217;Executive Committee della International Society of Antimicrobial Chemotherapy (ISAC) per il quadriennio 2024-2028. L&#8217;elezione \u00e8 avvenuta il 7 novembre durante il Congresso ISAC tenutosi a Istanbul.<\/p>\n<p>L&#8217;ISAC rappresenta la pi\u00f9 autorevole societ\u00e0 scientifica internazionale nel campo della terapia antimicrobica e delle malattie infettive, coordinando 99 societ\u00e0 scientifiche a livello mondiale, con una presenza capillare che spazia dall&#8217;Europa agli Stati Uniti, dal Medio Oriente all&#8217;Africa, dalla Cina al Sud America.<\/p>\n<p>La nomina del Professor Falcone, votata dai membri del Board della Societ\u00e0, riveste particolare prestigio: \u00e8 infatti l&#8217;unico rappresentante italiano e uno dei soli tre europei all&#8217;interno del Committee, che conta complessivamente 12 membri.<\/p>\n<p><span style=\"font-family: -apple-system,HelveticaNeue; font-size: small;\">Questo riconoscimento conferma l&#8217;eccellenza della ricerca del nostro Ateneo nel campo delle malattie infettive e della terapia antimicrobica a livello internazionale.<\/span><\/p>\n<p><img loading=\"lazy\" decoding=\"async\" class=\"alignnone size-full wp-image-7152\" src=\"https:\/\/www.med.unipi.it\/wp-content\/uploads\/2024\/11\/images.png\" alt=\"\" width=\"225\" height=\"225\" srcset=\"https:\/\/www.med.unipi.it\/wp-content\/uploads\/2024\/11\/images.png 225w, https:\/\/www.med.unipi.it\/wp-content\/uploads\/2024\/11\/images-150x150.png 150w\" sizes=\"auto, (max-width: 225px) 100vw, 225px\" \/><\/p>\n<\/div>\n","protected":false},"excerpt":{"rendered":"<p>Il Professor Marco Falcone \u00e8 stato eletto membro dell&#8217;Executive Committee della International Society of Antimicrobial Chemotherapy (ISAC) per il quadriennio&hellip;<\/p>\n<p><a class=\"btn btn-dark btn-sm unipi-read-more-link\" href=\"https:\/\/www.med.unipi.it\/index.php\/2024\/11\/11\/il-professor-marco-falcone-eletto-nellexecutive-committee-dellisac\/\">Leggi tutto&#8230;<\/a><\/p>\n","protected":false},"author":2,"featured_media":0,"comment_status":"closed","ping_status":"closed","sticky":false,"template":"","format":"standard","meta":{"footnotes":""},"categories":[47],"tags":[],"class_list":["post-7151","post","type-post","status-publish","format-standard","hentry","category-notizie"],"yoast_head":"<!-- This site is optimized with the Yoast SEO plugin v27.0 - https:\/\/yoast.com\/product\/yoast-seo-wordpress\/ -->\n<title>Il Professor Marco Falcone eletto nell&#039;Executive Committee dell&#039;ISAC - Scuola di Medicina<\/title>\n<meta name=\"robots\" content=\"index, follow, max-snippet:-1, max-image-preview:large, max-video-preview:-1\" \/>\n<link rel=\"canonical\" href=\"https:\/\/www.med.unipi.it\/index.php\/2024\/11\/11\/il-professor-marco-falcone-eletto-nellexecutive-committee-dellisac\/\" \/>\n<meta property=\"og:locale\" content=\"it_IT\" \/>\n<meta property=\"og:type\" content=\"article\" \/>\n<meta property=\"og:title\" content=\"Il Professor Marco Falcone eletto nell&#039;Executive Committee dell&#039;ISAC - Scuola di Medicina\" \/>\n<meta property=\"og:description\" content=\"Il Professor Marco Falcone \u00e8 stato eletto membro dell&#8217;Executive Committee della International Society of Antimicrobial Chemotherapy (ISAC) per il quadriennio&hellip;Leggi tutto...\" \/>\n<meta property=\"og:url\" content=\"https:\/\/www.med.unipi.it\/index.php\/2024\/11\/11\/il-professor-marco-falcone-eletto-nellexecutive-committee-dellisac\/\" \/>\n<meta property=\"og:site_name\" content=\"Scuola di Medicina\" \/>\n<meta property=\"article:published_time\" content=\"2024-11-11T12:33:03+00:00\" \/>\n<meta property=\"article:modified_time\" content=\"2025-02-13T14:10:08+00:00\" \/>\n<meta property=\"og:image\" content=\"https:\/\/www.med.unipi.it\/wp-content\/uploads\/2024\/11\/images.png\" \/>\n\t<meta property=\"og:image:width\" content=\"225\" \/>\n\t<meta property=\"og:image:height\" content=\"225\" \/>\n\t<meta property=\"og:image:type\" content=\"image\/png\" \/>\n<meta name=\"author\" content=\"Marco Mariani\" \/>\n<meta name=\"twitter:card\" content=\"summary_large_image\" \/>\n<meta name=\"twitter:label1\" content=\"Scritto da\" \/>\n\t<meta name=\"twitter:data1\" content=\"Marco Mariani\" \/>\n\t<meta name=\"twitter:label2\" content=\"Tempo di lettura stimato\" \/>\n\t<meta name=\"twitter:data2\" content=\"1 minuto\" \/>\n<script type=\"application\/ld+json\" class=\"yoast-schema-graph\">{\"@context\":\"https:\/\/schema.org\",\"@graph\":[{\"@type\":\"Article\",\"@id\":\"https:\/\/www.med.unipi.it\/index.php\/2024\/11\/11\/il-professor-marco-falcone-eletto-nellexecutive-committee-dellisac\/#article\",\"isPartOf\":{\"@id\":\"https:\/\/www.med.unipi.it\/index.php\/2024\/11\/11\/il-professor-marco-falcone-eletto-nellexecutive-committee-dellisac\/\"},\"author\":{\"name\":\"Marco Mariani\",\"@id\":\"https:\/\/www.med.unipi.it\/#\/schema\/person\/e3d2babab1795ba9b0a32a3abeb21a6a\"},\"headline\":\"Il Professor Marco Falcone eletto nell&#8217;Executive Committee dell&#8217;ISAC\",\"datePublished\":\"2024-11-11T12:33:03+00:00\",\"dateModified\":\"2025-02-13T14:10:08+00:00\",\"mainEntityOfPage\":{\"@id\":\"https:\/\/www.med.unipi.it\/index.php\/2024\/11\/11\/il-professor-marco-falcone-eletto-nellexecutive-committee-dellisac\/\"},\"wordCount\":134,\"image\":{\"@id\":\"https:\/\/www.med.unipi.it\/index.php\/2024\/11\/11\/il-professor-marco-falcone-eletto-nellexecutive-committee-dellisac\/#primaryimage\"},\"thumbnailUrl\":\"https:\/\/www.med.unipi.it\/wp-content\/uploads\/2024\/11\/images.png\",\"articleSection\":[\"Notizie\"],\"inLanguage\":\"it-IT\"},{\"@type\":\"WebPage\",\"@id\":\"https:\/\/www.med.unipi.it\/index.php\/2024\/11\/11\/il-professor-marco-falcone-eletto-nellexecutive-committee-dellisac\/\",\"url\":\"https:\/\/www.med.unipi.it\/index.php\/2024\/11\/11\/il-professor-marco-falcone-eletto-nellexecutive-committee-dellisac\/\",\"name\":\"Il Professor Marco Falcone eletto nell'Executive Committee dell'ISAC - Scuola di Medicina\",\"isPartOf\":{\"@id\":\"https:\/\/www.med.unipi.it\/#website\"},\"primaryImageOfPage\":{\"@id\":\"https:\/\/www.med.unipi.it\/index.php\/2024\/11\/11\/il-professor-marco-falcone-eletto-nellexecutive-committee-dellisac\/#primaryimage\"},\"image\":{\"@id\":\"https:\/\/www.med.unipi.it\/index.php\/2024\/11\/11\/il-professor-marco-falcone-eletto-nellexecutive-committee-dellisac\/#primaryimage\"},\"thumbnailUrl\":\"https:\/\/www.med.unipi.it\/wp-content\/uploads\/2024\/11\/images.png\",\"datePublished\":\"2024-11-11T12:33:03+00:00\",\"dateModified\":\"2025-02-13T14:10:08+00:00\",\"author\":{\"@id\":\"https:\/\/www.med.unipi.it\/#\/schema\/person\/e3d2babab1795ba9b0a32a3abeb21a6a\"},\"breadcrumb\":{\"@id\":\"https:\/\/www.med.unipi.it\/index.php\/2024\/11\/11\/il-professor-marco-falcone-eletto-nellexecutive-committee-dellisac\/#breadcrumb\"},\"inLanguage\":\"it-IT\",\"potentialAction\":[{\"@type\":\"ReadAction\",\"target\":[\"https:\/\/www.med.unipi.it\/index.php\/2024\/11\/11\/il-professor-marco-falcone-eletto-nellexecutive-committee-dellisac\/\"]}]},{\"@type\":\"ImageObject\",\"inLanguage\":\"it-IT\",\"@id\":\"https:\/\/www.med.unipi.it\/index.php\/2024\/11\/11\/il-professor-marco-falcone-eletto-nellexecutive-committee-dellisac\/#primaryimage\",\"url\":\"https:\/\/www.med.unipi.it\/wp-content\/uploads\/2024\/11\/images.png\",\"contentUrl\":\"https:\/\/www.med.unipi.it\/wp-content\/uploads\/2024\/11\/images.png\",\"width\":225,\"height\":225},{\"@type\":\"BreadcrumbList\",\"@id\":\"https:\/\/www.med.unipi.it\/index.php\/2024\/11\/11\/il-professor-marco-falcone-eletto-nellexecutive-committee-dellisac\/#breadcrumb\",\"itemListElement\":[{\"@type\":\"ListItem\",\"position\":1,\"name\":\"Home\",\"item\":\"https:\/\/www.med.unipi.it\/\"},{\"@type\":\"ListItem\",\"position\":2,\"name\":\"Il Professor Marco Falcone eletto nell&#8217;Executive Committee dell&#8217;ISAC\"}]},{\"@type\":\"WebSite\",\"@id\":\"https:\/\/www.med.unipi.it\/#website\",\"url\":\"https:\/\/www.med.unipi.it\/\",\"name\":\"Scuola di Medicina\",\"description\":\"\",\"potentialAction\":[{\"@type\":\"SearchAction\",\"target\":{\"@type\":\"EntryPoint\",\"urlTemplate\":\"https:\/\/www.med.unipi.it\/?s={search_term_string}\"},\"query-input\":{\"@type\":\"PropertyValueSpecification\",\"valueRequired\":true,\"valueName\":\"search_term_string\"}}],\"inLanguage\":\"it-IT\"},{\"@type\":\"Person\",\"@id\":\"https:\/\/www.med.unipi.it\/#\/schema\/person\/e3d2babab1795ba9b0a32a3abeb21a6a\",\"name\":\"Marco Mariani\",\"image\":{\"@type\":\"ImageObject\",\"inLanguage\":\"it-IT\",\"@id\":\"https:\/\/www.med.unipi.it\/#\/schema\/person\/image\/\",\"url\":\"https:\/\/secure.gravatar.com\/avatar\/9ce5b3fe579dcb15352f10acb1ddb925dab38e0a02f02af3618e6f0210d4d87a?s=96&d=mm&r=g\",\"contentUrl\":\"https:\/\/secure.gravatar.com\/avatar\/9ce5b3fe579dcb15352f10acb1ddb925dab38e0a02f02af3618e6f0210d4d87a?s=96&d=mm&r=g\",\"caption\":\"Marco Mariani\"},\"url\":\"https:\/\/www.med.unipi.it\/index.php\/author\/mariani\/\"}]}<\/script>\n<!-- \/ Yoast SEO plugin. -->","yoast_head_json":{"title":"Il Professor Marco Falcone eletto nell'Executive Committee dell'ISAC - Scuola di Medicina","robots":{"index":"index","follow":"follow","max-snippet":"max-snippet:-1","max-image-preview":"max-image-preview:large","max-video-preview":"max-video-preview:-1"},"canonical":"https:\/\/www.med.unipi.it\/index.php\/2024\/11\/11\/il-professor-marco-falcone-eletto-nellexecutive-committee-dellisac\/","og_locale":"it_IT","og_type":"article","og_title":"Il Professor Marco Falcone eletto nell'Executive Committee dell'ISAC - Scuola di Medicina","og_description":"Il Professor Marco Falcone \u00e8 stato eletto membro dell&#8217;Executive Committee della International Society of Antimicrobial Chemotherapy (ISAC) per il quadriennio&hellip;Leggi tutto...","og_url":"https:\/\/www.med.unipi.it\/index.php\/2024\/11\/11\/il-professor-marco-falcone-eletto-nellexecutive-committee-dellisac\/","og_site_name":"Scuola di Medicina","article_published_time":"2024-11-11T12:33:03+00:00","article_modified_time":"2025-02-13T14:10:08+00:00","og_image":[{"width":225,"height":225,"url":"https:\/\/www.med.unipi.it\/wp-content\/uploads\/2024\/11\/images.png","type":"image\/png"}],"author":"Marco Mariani","twitter_card":"summary_large_image","twitter_misc":{"Scritto da":"Marco Mariani","Tempo di lettura stimato":"1 minuto"},"schema":{"@context":"https:\/\/schema.org","@graph":[{"@type":"Article","@id":"https:\/\/www.med.unipi.it\/index.php\/2024\/11\/11\/il-professor-marco-falcone-eletto-nellexecutive-committee-dellisac\/#article","isPartOf":{"@id":"https:\/\/www.med.unipi.it\/index.php\/2024\/11\/11\/il-professor-marco-falcone-eletto-nellexecutive-committee-dellisac\/"},"author":{"name":"Marco Mariani","@id":"https:\/\/www.med.unipi.it\/#\/schema\/person\/e3d2babab1795ba9b0a32a3abeb21a6a"},"headline":"Il Professor Marco Falcone eletto nell&#8217;Executive Committee dell&#8217;ISAC","datePublished":"2024-11-11T12:33:03+00:00","dateModified":"2025-02-13T14:10:08+00:00","mainEntityOfPage":{"@id":"https:\/\/www.med.unipi.it\/index.php\/2024\/11\/11\/il-professor-marco-falcone-eletto-nellexecutive-committee-dellisac\/"},"wordCount":134,"image":{"@id":"https:\/\/www.med.unipi.it\/index.php\/2024\/11\/11\/il-professor-marco-falcone-eletto-nellexecutive-committee-dellisac\/#primaryimage"},"thumbnailUrl":"https:\/\/www.med.unipi.it\/wp-content\/uploads\/2024\/11\/images.png","articleSection":["Notizie"],"inLanguage":"it-IT"},{"@type":"WebPage","@id":"https:\/\/www.med.unipi.it\/index.php\/2024\/11\/11\/il-professor-marco-falcone-eletto-nellexecutive-committee-dellisac\/","url":"https:\/\/www.med.unipi.it\/index.php\/2024\/11\/11\/il-professor-marco-falcone-eletto-nellexecutive-committee-dellisac\/","name":"Il Professor Marco Falcone eletto nell'Executive Committee dell'ISAC - Scuola di Medicina","isPartOf":{"@id":"https:\/\/www.med.unipi.it\/#website"},"primaryImageOfPage":{"@id":"https:\/\/www.med.unipi.it\/index.php\/2024\/11\/11\/il-professor-marco-falcone-eletto-nellexecutive-committee-dellisac\/#primaryimage"},"image":{"@id":"https:\/\/www.med.unipi.it\/index.php\/2024\/11\/11\/il-professor-marco-falcone-eletto-nellexecutive-committee-dellisac\/#primaryimage"},"thumbnailUrl":"https:\/\/www.med.unipi.it\/wp-content\/uploads\/2024\/11\/images.png","datePublished":"2024-11-11T12:33:03+00:00","dateModified":"2025-02-13T14:10:08+00:00","author":{"@id":"https:\/\/www.med.unipi.it\/#\/schema\/person\/e3d2babab1795ba9b0a32a3abeb21a6a"},"breadcrumb":{"@id":"https:\/\/www.med.unipi.it\/index.php\/2024\/11\/11\/il-professor-marco-falcone-eletto-nellexecutive-committee-dellisac\/#breadcrumb"},"inLanguage":"it-IT","potentialAction":[{"@type":"ReadAction","target":["https:\/\/www.med.unipi.it\/index.php\/2024\/11\/11\/il-professor-marco-falcone-eletto-nellexecutive-committee-dellisac\/"]}]},{"@type":"ImageObject","inLanguage":"it-IT","@id":"https:\/\/www.med.unipi.it\/index.php\/2024\/11\/11\/il-professor-marco-falcone-eletto-nellexecutive-committee-dellisac\/#primaryimage","url":"https:\/\/www.med.unipi.it\/wp-content\/uploads\/2024\/11\/images.png","contentUrl":"https:\/\/www.med.unipi.it\/wp-content\/uploads\/2024\/11\/images.png","width":225,"height":225},{"@type":"BreadcrumbList","@id":"https:\/\/www.med.unipi.it\/index.php\/2024\/11\/11\/il-professor-marco-falcone-eletto-nellexecutive-committee-dellisac\/#breadcrumb","itemListElement":[{"@type":"ListItem","position":1,"name":"Home","item":"https:\/\/www.med.unipi.it\/"},{"@type":"ListItem","position":2,"name":"Il Professor Marco Falcone eletto nell&#8217;Executive Committee dell&#8217;ISAC"}]},{"@type":"WebSite","@id":"https:\/\/www.med.unipi.it\/#website","url":"https:\/\/www.med.unipi.it\/","name":"Scuola di Medicina","description":"","potentialAction":[{"@type":"SearchAction","target":{"@type":"EntryPoint","urlTemplate":"https:\/\/www.med.unipi.it\/?s={search_term_string}"},"query-input":{"@type":"PropertyValueSpecification","valueRequired":true,"valueName":"search_term_string"}}],"inLanguage":"it-IT"},{"@type":"Person","@id":"https:\/\/www.med.unipi.it\/#\/schema\/person\/e3d2babab1795ba9b0a32a3abeb21a6a","name":"Marco Mariani","image":{"@type":"ImageObject","inLanguage":"it-IT","@id":"https:\/\/www.med.unipi.it\/#\/schema\/person\/image\/","url":"https:\/\/secure.gravatar.com\/avatar\/9ce5b3fe579dcb15352f10acb1ddb925dab38e0a02f02af3618e6f0210d4d87a?s=96&d=mm&r=g","contentUrl":"https:\/\/secure.gravatar.com\/avatar\/9ce5b3fe579dcb15352f10acb1ddb925dab38e0a02f02af3618e6f0210d4d87a?s=96&d=mm&r=g","caption":"Marco Mariani"},"url":"https:\/\/www.med.unipi.it\/index.php\/author\/mariani\/"}]}},"_links":{"self":[{"href":"https:\/\/www.med.unipi.it\/index.php\/wp-json\/wp\/v2\/posts\/7151","targetHints":{"allow":["GET"]}}],"collection":[{"href":"https:\/\/www.med.unipi.it\/index.php\/wp-json\/wp\/v2\/posts"}],"about":[{"href":"https:\/\/www.med.unipi.it\/index.php\/wp-json\/wp\/v2\/types\/post"}],"author":[{"embeddable":true,"href":"https:\/\/www.med.unipi.it\/index.php\/wp-json\/wp\/v2\/users\/2"}],"replies":[{"embeddable":true,"href":"https:\/\/www.med.unipi.it\/index.php\/wp-json\/wp\/v2\/comments?post=7151"}],"version-history":[{"count":1,"href":"https:\/\/www.med.unipi.it\/index.php\/wp-json\/wp\/v2\/posts\/7151\/revisions"}],"predecessor-version":[{"id":7153,"href":"https:\/\/www.med.unipi.it\/index.php\/wp-json\/wp\/v2\/posts\/7151\/revisions\/7153"}],"wp:attachment":[{"href":"https:\/\/www.med.unipi.it\/index.php\/wp-json\/wp\/v2\/media?parent=7151"}],"wp:term":[{"taxonomy":"category","embeddable":true,"href":"https:\/\/www.med.unipi.it\/index.php\/wp-json\/wp\/v2\/categories?post=7151"},{"taxonomy":"post_tag","embeddable":true,"href":"https:\/\/www.med.unipi.it\/index.php\/wp-json\/wp\/v2\/tags?post=7151"}],"curies":[{"name":"wp","href":"https:\/\/api.w.org\/{rel}","templated":true}]}}