{"id":8950,"date":"2025-04-24T17:05:50","date_gmt":"2025-04-24T15:05:50","guid":{"rendered":"https:\/\/www.med.unipi.it\/?p=8950"},"modified":"2025-05-13T11:18:27","modified_gmt":"2025-05-13T09:18:27","slug":"presentazione-del-cdl-in-infermieristica-rivolto-agli-studenti-delle-scuole-secondarie-di-secondo-grado","status":"publish","type":"post","link":"https:\/\/www.med.unipi.it\/index.php\/2025\/04\/24\/presentazione-del-cdl-in-infermieristica-rivolto-agli-studenti-delle-scuole-secondarie-di-secondo-grado\/","title":{"rendered":"Presentazione del CdL in Infermieristica rivolto agli studenti delle scuole secondarie di secondo grado."},"content":{"rendered":"<p>In occasione della Giornata Internazionale dell\u2019Infermiere, prevista per il 12 maggio 2025, e della concomitante terza edizione dei Nursing Games, verranno svolte le attivit\u00e0 di orientamento rivolte agli studenti delle scuole superiori interessati al Corso di Laurea in Infermieristica. <span data-olk-copy-source=\"MessageBody\">L\u2019aula in cui si svolger\u00e0 l\u2019incontro \u00e8 la CIS1 (edificio 30, piano terra, Cisanello), dalle ore 8.30 alle 13.00.\u00a0<\/span><\/p>\n<p>Di seguito la locandina dell&#8217;evento.<\/p>\n<p><a href=\"https:\/\/www.med.unipi.it\/wp-content\/uploads\/2025\/04\/Locandina-IFE_XX.XX_.pdf\">Locandina IFE_XX.XX<\/a><\/p>\n<p><em><strong>Ricordiamo che per partecipare \u00e8 necessario iscriversi tramite il QR CODE di riferimento: si avvisano gli studenti che per garantire la corretta modalit\u00e0 di svolgimento delle attivit\u00e0 proposte, il numero massimo di iscritti \u00e8 di 40 studenti.\u00a0<\/strong><\/em><\/p>\n","protected":false},"excerpt":{"rendered":"<p>In occasione della Giornata Internazionale dell\u2019Infermiere, prevista per il 12 maggio 2025, e della concomitante terza edizione dei Nursing Games,&hellip;<\/p>\n<p><a class=\"btn btn-dark btn-sm unipi-read-more-link\" href=\"https:\/\/www.med.unipi.it\/index.php\/2025\/04\/24\/presentazione-del-cdl-in-infermieristica-rivolto-agli-studenti-delle-scuole-secondarie-di-secondo-grado\/\">Leggi tutto&#8230;<\/a><\/p>\n","protected":false},"author":14,"featured_media":0,"comment_status":"closed","ping_status":"closed","sticky":false,"template":"","format":"standard","meta":{"footnotes":""},"categories":[91],"tags":[],"class_list":["post-8950","post","type-post","status-publish","format-standard","hentry","category-eventi"],"yoast_head":"<!-- This site is optimized with the Yoast SEO plugin v27.0 - https:\/\/yoast.com\/product\/yoast-seo-wordpress\/ -->\n<title>Presentazione del CdL in Infermieristica rivolto agli studenti delle scuole secondarie di secondo grado. - Scuola di Medicina<\/title>\n<meta name=\"robots\" content=\"index, follow, max-snippet:-1, max-image-preview:large, max-video-preview:-1\" \/>\n<link rel=\"canonical\" href=\"https:\/\/www.med.unipi.it\/index.php\/2025\/04\/24\/presentazione-del-cdl-in-infermieristica-rivolto-agli-studenti-delle-scuole-secondarie-di-secondo-grado\/\" \/>\n<meta property=\"og:locale\" content=\"it_IT\" \/>\n<meta property=\"og:type\" content=\"article\" \/>\n<meta property=\"og:title\" content=\"Presentazione del CdL in Infermieristica rivolto agli studenti delle scuole secondarie di secondo grado. - Scuola di Medicina\" \/>\n<meta property=\"og:description\" content=\"In occasione della Giornata Internazionale dell\u2019Infermiere, prevista per il 12 maggio 2025, e della concomitante terza edizione dei Nursing Games,&hellip;Leggi tutto...\" \/>\n<meta property=\"og:url\" content=\"https:\/\/www.med.unipi.it\/index.php\/2025\/04\/24\/presentazione-del-cdl-in-infermieristica-rivolto-agli-studenti-delle-scuole-secondarie-di-secondo-grado\/\" \/>\n<meta property=\"og:site_name\" content=\"Scuola di Medicina\" \/>\n<meta property=\"article:published_time\" content=\"2025-04-24T15:05:50+00:00\" \/>\n<meta property=\"article:modified_time\" content=\"2025-05-13T09:18:27+00:00\" \/>\n<meta name=\"author\" content=\"Sara Vitiello\" \/>\n<meta name=\"twitter:card\" content=\"summary_large_image\" \/>\n<meta name=\"twitter:label1\" content=\"Scritto da\" \/>\n\t<meta name=\"twitter:data1\" content=\"Sara Vitiello\" \/>\n\t<meta name=\"twitter:label2\" content=\"Tempo di lettura stimato\" \/>\n\t<meta name=\"twitter:data2\" content=\"1 minuto\" \/>\n<script type=\"application\/ld+json\" class=\"yoast-schema-graph\">{\"@context\":\"https:\/\/schema.org\",\"@graph\":[{\"@type\":\"Article\",\"@id\":\"https:\/\/www.med.unipi.it\/index.php\/2025\/04\/24\/presentazione-del-cdl-in-infermieristica-rivolto-agli-studenti-delle-scuole-secondarie-di-secondo-grado\/#article\",\"isPartOf\":{\"@id\":\"https:\/\/www.med.unipi.it\/index.php\/2025\/04\/24\/presentazione-del-cdl-in-infermieristica-rivolto-agli-studenti-delle-scuole-secondarie-di-secondo-grado\/\"},\"author\":{\"name\":\"Sara Vitiello\",\"@id\":\"https:\/\/www.med.unipi.it\/#\/schema\/person\/d0559fe37b4411cbbfad41bd80ef51c1\"},\"headline\":\"Presentazione del CdL in Infermieristica rivolto agli studenti delle scuole secondarie di secondo grado.\",\"datePublished\":\"2025-04-24T15:05:50+00:00\",\"dateModified\":\"2025-05-13T09:18:27+00:00\",\"mainEntityOfPage\":{\"@id\":\"https:\/\/www.med.unipi.it\/index.php\/2025\/04\/24\/presentazione-del-cdl-in-infermieristica-rivolto-agli-studenti-delle-scuole-secondarie-di-secondo-grado\/\"},\"wordCount\":112,\"articleSection\":[\"Eventi\"],\"inLanguage\":\"it-IT\"},{\"@type\":\"WebPage\",\"@id\":\"https:\/\/www.med.unipi.it\/index.php\/2025\/04\/24\/presentazione-del-cdl-in-infermieristica-rivolto-agli-studenti-delle-scuole-secondarie-di-secondo-grado\/\",\"url\":\"https:\/\/www.med.unipi.it\/index.php\/2025\/04\/24\/presentazione-del-cdl-in-infermieristica-rivolto-agli-studenti-delle-scuole-secondarie-di-secondo-grado\/\",\"name\":\"Presentazione del CdL in Infermieristica rivolto agli studenti delle scuole secondarie di secondo grado. - Scuola di Medicina\",\"isPartOf\":{\"@id\":\"https:\/\/www.med.unipi.it\/#website\"},\"datePublished\":\"2025-04-24T15:05:50+00:00\",\"dateModified\":\"2025-05-13T09:18:27+00:00\",\"author\":{\"@id\":\"https:\/\/www.med.unipi.it\/#\/schema\/person\/d0559fe37b4411cbbfad41bd80ef51c1\"},\"breadcrumb\":{\"@id\":\"https:\/\/www.med.unipi.it\/index.php\/2025\/04\/24\/presentazione-del-cdl-in-infermieristica-rivolto-agli-studenti-delle-scuole-secondarie-di-secondo-grado\/#breadcrumb\"},\"inLanguage\":\"it-IT\",\"potentialAction\":[{\"@type\":\"ReadAction\",\"target\":[\"https:\/\/www.med.unipi.it\/index.php\/2025\/04\/24\/presentazione-del-cdl-in-infermieristica-rivolto-agli-studenti-delle-scuole-secondarie-di-secondo-grado\/\"]}]},{\"@type\":\"BreadcrumbList\",\"@id\":\"https:\/\/www.med.unipi.it\/index.php\/2025\/04\/24\/presentazione-del-cdl-in-infermieristica-rivolto-agli-studenti-delle-scuole-secondarie-di-secondo-grado\/#breadcrumb\",\"itemListElement\":[{\"@type\":\"ListItem\",\"position\":1,\"name\":\"Home\",\"item\":\"https:\/\/www.med.unipi.it\/\"},{\"@type\":\"ListItem\",\"position\":2,\"name\":\"Presentazione del CdL in Infermieristica rivolto agli studenti delle scuole secondarie di secondo grado.\"}]},{\"@type\":\"WebSite\",\"@id\":\"https:\/\/www.med.unipi.it\/#website\",\"url\":\"https:\/\/www.med.unipi.it\/\",\"name\":\"Scuola di Medicina\",\"description\":\"\",\"potentialAction\":[{\"@type\":\"SearchAction\",\"target\":{\"@type\":\"EntryPoint\",\"urlTemplate\":\"https:\/\/www.med.unipi.it\/?s={search_term_string}\"},\"query-input\":{\"@type\":\"PropertyValueSpecification\",\"valueRequired\":true,\"valueName\":\"search_term_string\"}}],\"inLanguage\":\"it-IT\"},{\"@type\":\"Person\",\"@id\":\"https:\/\/www.med.unipi.it\/#\/schema\/person\/d0559fe37b4411cbbfad41bd80ef51c1\",\"name\":\"Sara Vitiello\",\"image\":{\"@type\":\"ImageObject\",\"inLanguage\":\"it-IT\",\"@id\":\"https:\/\/www.med.unipi.it\/#\/schema\/person\/image\/\",\"url\":\"https:\/\/secure.gravatar.com\/avatar\/e79dc03e44d40a644172fdf9b25584586df33ef1bfd592337c4cb859c22f1553?s=96&d=mm&r=g\",\"contentUrl\":\"https:\/\/secure.gravatar.com\/avatar\/e79dc03e44d40a644172fdf9b25584586df33ef1bfd592337c4cb859c22f1553?s=96&d=mm&r=g\",\"caption\":\"Sara Vitiello\"},\"url\":\"https:\/\/www.med.unipi.it\/index.php\/author\/vitiello\/\"}]}<\/script>\n<!-- \/ Yoast SEO plugin. -->","yoast_head_json":{"title":"Presentazione del CdL in Infermieristica rivolto agli studenti delle scuole secondarie di secondo grado. - Scuola di Medicina","robots":{"index":"index","follow":"follow","max-snippet":"max-snippet:-1","max-image-preview":"max-image-preview:large","max-video-preview":"max-video-preview:-1"},"canonical":"https:\/\/www.med.unipi.it\/index.php\/2025\/04\/24\/presentazione-del-cdl-in-infermieristica-rivolto-agli-studenti-delle-scuole-secondarie-di-secondo-grado\/","og_locale":"it_IT","og_type":"article","og_title":"Presentazione del CdL in Infermieristica rivolto agli studenti delle scuole secondarie di secondo grado. - Scuola di Medicina","og_description":"In occasione della Giornata Internazionale dell\u2019Infermiere, prevista per il 12 maggio 2025, e della concomitante terza edizione dei Nursing Games,&hellip;Leggi tutto...","og_url":"https:\/\/www.med.unipi.it\/index.php\/2025\/04\/24\/presentazione-del-cdl-in-infermieristica-rivolto-agli-studenti-delle-scuole-secondarie-di-secondo-grado\/","og_site_name":"Scuola di Medicina","article_published_time":"2025-04-24T15:05:50+00:00","article_modified_time":"2025-05-13T09:18:27+00:00","author":"Sara Vitiello","twitter_card":"summary_large_image","twitter_misc":{"Scritto da":"Sara Vitiello","Tempo di lettura stimato":"1 minuto"},"schema":{"@context":"https:\/\/schema.org","@graph":[{"@type":"Article","@id":"https:\/\/www.med.unipi.it\/index.php\/2025\/04\/24\/presentazione-del-cdl-in-infermieristica-rivolto-agli-studenti-delle-scuole-secondarie-di-secondo-grado\/#article","isPartOf":{"@id":"https:\/\/www.med.unipi.it\/index.php\/2025\/04\/24\/presentazione-del-cdl-in-infermieristica-rivolto-agli-studenti-delle-scuole-secondarie-di-secondo-grado\/"},"author":{"name":"Sara Vitiello","@id":"https:\/\/www.med.unipi.it\/#\/schema\/person\/d0559fe37b4411cbbfad41bd80ef51c1"},"headline":"Presentazione del CdL in Infermieristica rivolto agli studenti delle scuole secondarie di secondo grado.","datePublished":"2025-04-24T15:05:50+00:00","dateModified":"2025-05-13T09:18:27+00:00","mainEntityOfPage":{"@id":"https:\/\/www.med.unipi.it\/index.php\/2025\/04\/24\/presentazione-del-cdl-in-infermieristica-rivolto-agli-studenti-delle-scuole-secondarie-di-secondo-grado\/"},"wordCount":112,"articleSection":["Eventi"],"inLanguage":"it-IT"},{"@type":"WebPage","@id":"https:\/\/www.med.unipi.it\/index.php\/2025\/04\/24\/presentazione-del-cdl-in-infermieristica-rivolto-agli-studenti-delle-scuole-secondarie-di-secondo-grado\/","url":"https:\/\/www.med.unipi.it\/index.php\/2025\/04\/24\/presentazione-del-cdl-in-infermieristica-rivolto-agli-studenti-delle-scuole-secondarie-di-secondo-grado\/","name":"Presentazione del CdL in Infermieristica rivolto agli studenti delle scuole secondarie di secondo grado. - Scuola di Medicina","isPartOf":{"@id":"https:\/\/www.med.unipi.it\/#website"},"datePublished":"2025-04-24T15:05:50+00:00","dateModified":"2025-05-13T09:18:27+00:00","author":{"@id":"https:\/\/www.med.unipi.it\/#\/schema\/person\/d0559fe37b4411cbbfad41bd80ef51c1"},"breadcrumb":{"@id":"https:\/\/www.med.unipi.it\/index.php\/2025\/04\/24\/presentazione-del-cdl-in-infermieristica-rivolto-agli-studenti-delle-scuole-secondarie-di-secondo-grado\/#breadcrumb"},"inLanguage":"it-IT","potentialAction":[{"@type":"ReadAction","target":["https:\/\/www.med.unipi.it\/index.php\/2025\/04\/24\/presentazione-del-cdl-in-infermieristica-rivolto-agli-studenti-delle-scuole-secondarie-di-secondo-grado\/"]}]},{"@type":"BreadcrumbList","@id":"https:\/\/www.med.unipi.it\/index.php\/2025\/04\/24\/presentazione-del-cdl-in-infermieristica-rivolto-agli-studenti-delle-scuole-secondarie-di-secondo-grado\/#breadcrumb","itemListElement":[{"@type":"ListItem","position":1,"name":"Home","item":"https:\/\/www.med.unipi.it\/"},{"@type":"ListItem","position":2,"name":"Presentazione del CdL in Infermieristica rivolto agli studenti delle scuole secondarie di secondo grado."}]},{"@type":"WebSite","@id":"https:\/\/www.med.unipi.it\/#website","url":"https:\/\/www.med.unipi.it\/","name":"Scuola di Medicina","description":"","potentialAction":[{"@type":"SearchAction","target":{"@type":"EntryPoint","urlTemplate":"https:\/\/www.med.unipi.it\/?s={search_term_string}"},"query-input":{"@type":"PropertyValueSpecification","valueRequired":true,"valueName":"search_term_string"}}],"inLanguage":"it-IT"},{"@type":"Person","@id":"https:\/\/www.med.unipi.it\/#\/schema\/person\/d0559fe37b4411cbbfad41bd80ef51c1","name":"Sara Vitiello","image":{"@type":"ImageObject","inLanguage":"it-IT","@id":"https:\/\/www.med.unipi.it\/#\/schema\/person\/image\/","url":"https:\/\/secure.gravatar.com\/avatar\/e79dc03e44d40a644172fdf9b25584586df33ef1bfd592337c4cb859c22f1553?s=96&d=mm&r=g","contentUrl":"https:\/\/secure.gravatar.com\/avatar\/e79dc03e44d40a644172fdf9b25584586df33ef1bfd592337c4cb859c22f1553?s=96&d=mm&r=g","caption":"Sara Vitiello"},"url":"https:\/\/www.med.unipi.it\/index.php\/author\/vitiello\/"}]}},"_links":{"self":[{"href":"https:\/\/www.med.unipi.it\/index.php\/wp-json\/wp\/v2\/posts\/8950","targetHints":{"allow":["GET"]}}],"collection":[{"href":"https:\/\/www.med.unipi.it\/index.php\/wp-json\/wp\/v2\/posts"}],"about":[{"href":"https:\/\/www.med.unipi.it\/index.php\/wp-json\/wp\/v2\/types\/post"}],"author":[{"embeddable":true,"href":"https:\/\/www.med.unipi.it\/index.php\/wp-json\/wp\/v2\/users\/14"}],"replies":[{"embeddable":true,"href":"https:\/\/www.med.unipi.it\/index.php\/wp-json\/wp\/v2\/comments?post=8950"}],"version-history":[{"count":4,"href":"https:\/\/www.med.unipi.it\/index.php\/wp-json\/wp\/v2\/posts\/8950\/revisions"}],"predecessor-version":[{"id":9040,"href":"https:\/\/www.med.unipi.it\/index.php\/wp-json\/wp\/v2\/posts\/8950\/revisions\/9040"}],"wp:attachment":[{"href":"https:\/\/www.med.unipi.it\/index.php\/wp-json\/wp\/v2\/media?parent=8950"}],"wp:term":[{"taxonomy":"category","embeddable":true,"href":"https:\/\/www.med.unipi.it\/index.php\/wp-json\/wp\/v2\/categories?post=8950"},{"taxonomy":"post_tag","embeddable":true,"href":"https:\/\/www.med.unipi.it\/index.php\/wp-json\/wp\/v2\/tags?post=8950"}],"curies":[{"name":"wp","href":"https:\/\/api.w.org\/{rel}","templated":true}]}}